{"id":22906,"date":"2019-07-03T17:51:06","date_gmt":"2019-07-03T17:51:06","guid":{"rendered":"https:\/\/fremplast.com.br\/new-site\/?p=22906"},"modified":"2020-02-12T12:32:43","modified_gmt":"2020-02-12T12:32:43","slug":"novas-embalagens-cromajet-2019","status":"publish","type":"post","link":"https:\/\/fremplast.com.br\/new-site\/novas-embalagens-cromajet-2019\/","title":{"rendered":"Confira as Novas Embalagens Cromajet 2019"},"content":{"rendered":"<h2>A Fremplast lan\u00e7a no m\u00eas de julho, na FuturePrint 2019, a comunica\u00e7\u00e3o visual de suas novas embalagens e novo logotipo para a linha de Impress\u00e3o Digital Cromajet.<\/h2>\n<p>A moderniza\u00e7\u00e3o das embalagens simboliza o constante aperfei\u00e7oamento das tintas, que atrav\u00e9s dos melhores t\u00e9cnicos e tecnologias dispon\u00edveis no mercado, s\u00e3o refer\u00eancia em qualidade e alta performance. O novo logotipo, mais estilizado e jovem, se adapta melhor ao mundo contempor\u00e2neo em que vivemos com a comunica\u00e7\u00e3o atrav\u00e9s das m\u00eddias digitais, como sites e redes sociais.<\/p>\n<p>As novas embalagens apresentam um design mais arrojado e apar\u00eancia moderna dando destaque \u00e0 fluidez e aos tons vibrantes das Tintas Cromajet. Acreditamos no poder das embalagens e no diferencial que elas podem agregar aos nossos produtos na hora de atrair o olhar dos clientes.<\/p>\n<p>As novas embalagens poder\u00e3o ser encontradas nas linhas: <strong><a href=\"https:\/\/fremplast.com.br\/tintasublimatica\/\">Subli Eco<\/a>, <a href=\"https:\/\/fremplast.com.br\/destaques-linha-solvente\/\">Solvente<\/a>, <a href=\"https:\/\/fremplast.com.br\/lancamento-ecosolv-royal-bag\/\">EcoSolv<\/a>, <a href=\"https:\/\/fremplast.com.br\/nova-linha-cromajet-dtg-print\/\">DTG Print<\/a> e Verniz de Prote\u00e7\u00e3o.<\/strong><\/p>\n<p><img loading=\"lazy\" class=\"aligncenter wp-image-22914 \" src=\"https:\/\/fremplast.com.br\/new-site\/wp-content\/uploads\/2019\/07\/nova-embalagem-sublieco.jpg\" alt=\"\" width=\"496\" height=\"416\" srcset=\"https:\/\/fremplast.com.br\/new-site\/wp-content\/uploads\/2019\/07\/nova-embalagem-sublieco.jpg 940w, https:\/\/fremplast.com.br\/new-site\/wp-content\/uploads\/2019\/07\/nova-embalagem-sublieco-300x251.jpg 300w, https:\/\/fremplast.com.br\/new-site\/wp-content\/uploads\/2019\/07\/nova-embalagem-sublieco-768x644.jpg 768w\" sizes=\"(max-width: 496px) 100vw, 496px\" \/><br \/>\n<img loading=\"lazy\" class=\"aligncenter wp-image-22913 \" src=\"https:\/\/fremplast.com.br\/new-site\/wp-content\/uploads\/2019\/07\/nova-embalagem-DTG-print.jpg\" alt=\"\" width=\"515\" height=\"432\" srcset=\"https:\/\/fremplast.com.br\/new-site\/wp-content\/uploads\/2019\/07\/nova-embalagem-DTG-print.jpg 940w, https:\/\/fremplast.com.br\/new-site\/wp-content\/uploads\/2019\/07\/nova-embalagem-DTG-print-300x251.jpg 300w, https:\/\/fremplast.com.br\/new-site\/wp-content\/uploads\/2019\/07\/nova-embalagem-DTG-print-768x644.jpg 768w\" sizes=\"(max-width: 515px) 100vw, 515px\" \/><br \/>\n<img loading=\"lazy\" class=\"aligncenter wp-image-22912 \" src=\"https:\/\/fremplast.com.br\/new-site\/wp-content\/uploads\/2019\/07\/nova-embalagens-royal-bag.jpg\" alt=\"\" width=\"576\" height=\"484\" srcset=\"https:\/\/fremplast.com.br\/new-site\/wp-content\/uploads\/2019\/07\/nova-embalagens-royal-bag.jpg 940w, https:\/\/fremplast.com.br\/new-site\/wp-content\/uploads\/2019\/07\/nova-embalagens-royal-bag-300x251.jpg 300w, https:\/\/fremplast.com.br\/new-site\/wp-content\/uploads\/2019\/07\/nova-embalagens-royal-bag-768x644.jpg 768w\" sizes=\"(max-width: 576px) 100vw, 576px\" \/><br \/>\n<img loading=\"lazy\" class=\"aligncenter wp-image-22911 \" src=\"https:\/\/fremplast.com.br\/new-site\/wp-content\/uploads\/2019\/07\/nova-embalagens-ecosolv.jpg\" alt=\"\" width=\"593\" height=\"497\" srcset=\"https:\/\/fremplast.com.br\/new-site\/wp-content\/uploads\/2019\/07\/nova-embalagens-ecosolv.jpg 940w, https:\/\/fremplast.com.br\/new-site\/wp-content\/uploads\/2019\/07\/nova-embalagens-ecosolv-300x251.jpg 300w, https:\/\/fremplast.com.br\/new-site\/wp-content\/uploads\/2019\/07\/nova-embalagens-ecosolv-768x644.jpg 768w\" sizes=\"(max-width: 593px) 100vw, 593px\" \/><br \/>\n<img loading=\"lazy\" class=\"aligncenter wp-image-22910 \" src=\"https:\/\/fremplast.com.br\/new-site\/wp-content\/uploads\/2019\/07\/nova-embalagens-ecosolv-1.jpg\" alt=\"\" width=\"500\" height=\"419\" srcset=\"https:\/\/fremplast.com.br\/new-site\/wp-content\/uploads\/2019\/07\/nova-embalagens-ecosolv-1.jpg 940w, https:\/\/fremplast.com.br\/new-site\/wp-content\/uploads\/2019\/07\/nova-embalagens-ecosolv-1-300x251.jpg 300w, https:\/\/fremplast.com.br\/new-site\/wp-content\/uploads\/2019\/07\/nova-embalagens-ecosolv-1-768x644.jpg 768w\" sizes=\"(max-width: 500px) 100vw, 500px\" \/><br \/>\n<img loading=\"lazy\" class=\"aligncenter wp-image-22909 \" src=\"https:\/\/fremplast.com.br\/new-site\/wp-content\/uploads\/2019\/07\/nova-embalagens-solvente-5k.jpg\" alt=\"\" width=\"555\" height=\"466\" srcset=\"https:\/\/fremplast.com.br\/new-site\/wp-content\/uploads\/2019\/07\/nova-embalagens-solvente-5k.jpg 940w, https:\/\/fremplast.com.br\/new-site\/wp-content\/uploads\/2019\/07\/nova-embalagens-solvente-5k-300x251.jpg 300w, https:\/\/fremplast.com.br\/new-site\/wp-content\/uploads\/2019\/07\/nova-embalagens-solvente-5k-768x644.jpg 768w\" sizes=\"(max-width: 555px) 100vw, 555px\" \/><br \/>\n<img loading=\"lazy\" class=\"aligncenter wp-image-22908 \" src=\"https:\/\/fremplast.com.br\/new-site\/wp-content\/uploads\/2019\/07\/nova-embalagens-verniz-de-prote\u00e7\u00e3o.jpg\" alt=\"\" width=\"542\" height=\"454\" srcset=\"https:\/\/fremplast.com.br\/new-site\/wp-content\/uploads\/2019\/07\/nova-embalagens-verniz-de-prote\u00e7\u00e3o.jpg 940w, https:\/\/fremplast.com.br\/new-site\/wp-content\/uploads\/2019\/07\/nova-embalagens-verniz-de-prote\u00e7\u00e3o-300x251.jpg 300w, https:\/\/fremplast.com.br\/new-site\/wp-content\/uploads\/2019\/07\/nova-embalagens-verniz-de-prote\u00e7\u00e3o-768x644.jpg 768w\" sizes=\"(max-width: 542px) 100vw, 542px\" \/><\/p>\n<p><strong>Entre em contato agora mesmo e aproveite as nossas condi\u00e7\u00f5es especiais:<br \/>\n<a href=\"http:\/\/emkt.fremplast.com.br\/emkt\/tracer\/?2,5374916,aa3d4c5c,5a3e,2\" target=\"_blank\" rel=\"noreferrer noopener\">https:\/\/fremplast.com.br\/fale-conosco\/<\/a><br \/>\n11 2489-6969 \/ 11 2489-6960<\/strong><\/p>\n<p>Se gostou, n\u00e3o deixe de acompanhar o nosso Blog e seguir a Fremplast nas redes sociais:\u00a0<a href=\"https:\/\/www.facebook.com\/Fremplast\/\">Facebook<\/a>,\u00a0<a href=\"https:\/\/www.instagram.com\/fremplast\/\">Instagram<\/a>,\u00a0<a href=\"https:\/\/www.youtube.com\/channel\/UCOiNjzmQr1QKGPPNtpAU22A\">Youtube<\/a>\u00a0e\u00a0<a href=\"https:\/\/twitter.com\/fremplast\">Twitter<\/a>.<\/p>\n","protected":false},"excerpt":{"rendered":"<p>A Fremplast lan\u00e7a no m\u00eas de julho, na FuturePrint 2019, a comunica\u00e7\u00e3o visual de suas novas embalagens e novo logotipo para a linha de Impress\u00e3o Digital Cromajet. A moderniza\u00e7\u00e3o das embalagens simboliza o constante aperfei\u00e7oamento das tintas, que atrav\u00e9s dos melhores t\u00e9cnicos e tecnologias dispon\u00edveis no mercado, s\u00e3o refer\u00eancia em qualidade e alta performance. O [&hellip;]<\/p>\n","protected":false},"author":2,"featured_media":22907,"comment_status":"open","ping_status":"open","sticky":false,"template":"","format":"standard","meta":[],"categories":[2521],"tags":[2583,473,2582,2570,2585,2569,2565,2584],"acf":[],"_links":{"self":[{"href":"https:\/\/fremplast.com.br\/new-site\/wp-json\/wp\/v2\/posts\/22906"}],"collection":[{"href":"https:\/\/fremplast.com.br\/new-site\/wp-json\/wp\/v2\/posts"}],"about":[{"href":"https:\/\/fremplast.com.br\/new-site\/wp-json\/wp\/v2\/types\/post"}],"author":[{"embeddable":true,"href":"https:\/\/fremplast.com.br\/new-site\/wp-json\/wp\/v2\/users\/2"}],"replies":[{"embeddable":true,"href":"https:\/\/fremplast.com.br\/new-site\/wp-json\/wp\/v2\/comments?post=22906"}],"version-history":[{"count":10,"href":"https:\/\/fremplast.com.br\/new-site\/wp-json\/wp\/v2\/posts\/22906\/revisions"}],"predecessor-version":[{"id":25084,"href":"https:\/\/fremplast.com.br\/new-site\/wp-json\/wp\/v2\/posts\/22906\/revisions\/25084"}],"wp:featuredmedia":[{"embeddable":true,"href":"https:\/\/fremplast.com.br\/new-site\/wp-json\/wp\/v2\/media\/22907"}],"wp:attachment":[{"href":"https:\/\/fremplast.com.br\/new-site\/wp-json\/wp\/v2\/media?parent=22906"}],"wp:term":[{"taxonomy":"category","embeddable":true,"href":"https:\/\/fremplast.com.br\/new-site\/wp-json\/wp\/v2\/categories?post=22906"},{"taxonomy":"post_tag","embeddable":true,"href":"https:\/\/fremplast.com.br\/new-site\/wp-json\/wp\/v2\/tags?post=22906"}],"curies":[{"name":"wp","href":"https:\/\/api.w.org\/{rel}","templated":true}]}}